{"provider_url": "https://www.ilhacomprida.sp.leg.br", "title": "CMDCA divulga CLASSIFICA\u00c7\u00c3O FINAL da sele\u00e7\u00e3o para a Elei\u00e7\u00e3o do Conselho Tutelar 2019.", "html": "<h3 style=\"text-align: center; \">\u00a0 \u00a0 \u00a0\u00a0</h3>\r\n<h2 style=\"text-align: center; \">CONFIRA A</h2>\r\n<h2 style=\"text-align: center; \">CLASSIFICA\u00c7\u00c3O</h2>\r\n<p style=\"text-align: center; \"><a title=\"\" href=\"https://www.ilhacomprida.sp.leg.br/arquivos-textos/conselho-tutelar/arquivos/NotasCandidatosAoCT_site_c.pdf\" class=\"internal-link\" target=\"_blank\"><img src=\"https://www.ilhacomprida.sp.leg.br/imagens/bloq/geral/CliqueAquiPDF.png/@@images/0431546a-f230-42c5-a19e-2be19ceac445.png\" alt=\"RECOMENDA\u00c7\u00c3O MP/SP\" class=\"image-inline\" title=\"\" /></a></p>\r\n<p style=\"text-align: center; \"><span>\u00a0 \u00a0</span></p>\r\n<p style=\"text-align: justify; \"><span style=\"text-align: justify; \"><b>O</b></span><span style=\"text-align: justify; \"><b> C</b></span><span style=\"text-align: justify; \"><b>onselho </b></span><span style=\"text-align: justify; \"><b>Municipal dos Direitos da Crian\u00e7a e do Adolescente do Munic\u00edpio de Ilha Comprida</b></span><span style=\"text-align: justify; \">, no uso de suas atribui\u00e7\u00f5es legais, torna p\u00fablico </span><span style=\"text-align: justify; \">o que segue:</span><span>\u00a0</span><b>\u00a0 \u00a0\u00a0</b></p>\r\n<h3 style=\"text-align: center; \"><span><span><b>\u00a0 \u00a0</b></span></span></h3>\r\n<h3 style=\"text-align: center; \"><span><span><b>Rela\u00e7\u00e3o dos aprovados na Prova do Conselho Tutelar \u2013 gest\u00e3o 2020/2024</b></span></span></h3>\r\n<p style=\"text-align: center; \"><span style=\"text-align: justify; \">\u00a0 \u00a0</span></p>\r\n<table class=\"listing\">\r\n<thead>\r\n<tr><th>N\u00ba</th><th style=\"text-align: center; \">Nome</th><th style=\"text-align: center; \">Objetivas</th><th style=\"text-align: center; \">Reda\u00e7\u00e3o</th><th style=\"text-align: center; \">Treinamento</th><th style=\"text-align: center; \">Pontua\u00e7\u00e3o Final</th></tr>\r\n<tr><th colspan=\"6\"><hr noshade=\"noshade\" width=\"760\" /></th></tr>\r\n</thead>\r\n<tbody>\r\n<tr class=\"odd\">\r\n<td>16</td>\r\n<td>Marcos Ricardo Vieira</td>\r\n<td style=\"text-align: center; \">43</td>\r\n<td style=\"text-align: center; \">0,50</td>\r\n<td style=\"text-align: center; \">1,00</td>\r\n<td style=\"text-align: center; \">44,50</td>\r\n</tr>\r\n<tr class=\"even\">\r\n<td>8</td>\r\n<td>Irineu Lara</td>\r\n<td style=\"text-align: center; \">34</td>\r\n<td style=\"text-align: center; \">2,00</td>\r\n<td style=\"text-align: center; \">1,00</td>\r\n<td style=\"text-align: center; \">37,00</td>\r\n</tr>\r\n<tr class=\"odd\">\r\n<td>29</td>\r\n<td>Gilberto Reis Rangel</td>\r\n<td style=\"text-align: center; \">35</td>\r\n<td style=\"text-align: center; \">1,00</td>\r\n<td style=\"text-align: center; \">1,00</td>\r\n<td style=\"text-align: center; \">37,00</td>\r\n</tr>\r\n<tr class=\"even\">\r\n<td>17</td>\r\n<td>Patric Miessa</td>\r\n<td style=\"text-align: center; \">34</td>\r\n<td style=\"text-align: center; \">1,00</td>\r\n<td style=\"text-align: center; \">1,00</td>\r\n<td style=\"text-align: center; \">36,00</td>\r\n</tr>\r\n<tr class=\"odd\">\r\n<td>14</td>\r\n<td>Antenor de Almeida J\u00fanior</td>\r\n<td style=\"text-align: center; \">32</td>\r\n<td style=\"text-align: center; \">1,00</td>\r\n<td style=\"text-align: center; \">1,00</td>\r\n<td style=\"text-align: center; \">34,00</td>\r\n</tr>\r\n<tr class=\"even\">\r\n<td>31</td>\r\n<td>Renata Clementino de Medeiros</td>\r\n<td style=\"text-align: center; \">30</td>\r\n<td style=\"text-align: center; \">2,00</td>\r\n<td style=\"text-align: center; \">1,00</td>\r\n<td style=\"text-align: center; \">33,00</td>\r\n</tr>\r\n<tr class=\"odd\">\r\n<td>5</td>\r\n<td>Elaine Cristina Lemos Salgado</td>\r\n<td style=\"text-align: center; \">31</td>\r\n<td style=\"text-align: center; \">1,00</td>\r\n<td style=\"text-align: center; \">1,00</td>\r\n<td style=\"text-align: center; \">33,00</td>\r\n</tr>\r\n<tr class=\"even\">\r\n<td>22</td>\r\n<td>Olivia Carneiro de Brito</td>\r\n<td style=\"text-align: center; \">30</td>\r\n<td style=\"text-align: center; \">2,00</td>\r\n<td style=\"text-align: center; \">1,00</td>\r\n<td style=\"text-align: center; \">33,00</td>\r\n</tr>\r\n<tr class=\"odd\">\r\n<td>7</td>\r\n<td>Valdir Manoel de Souza</td>\r\n<td style=\"text-align: center; \">28</td>\r\n<td style=\"text-align: center; \">2,00</td>\r\n<td style=\"text-align: center; \">1,00</td>\r\n<td style=\"text-align: center; \">31,00</td>\r\n</tr>\r\n<tr class=\"even\">\r\n<td>33</td>\r\n<td>Marilisa Vieira de Liria</td>\r\n<td style=\"text-align: center; \">28</td>\r\n<td style=\"text-align: center; \">1,50</td>\r\n<td style=\"text-align: center; \">1,00</td>\r\n<td style=\"text-align: center; \">30,50</td>\r\n</tr>\r\n<tr class=\"odd\">\r\n<td>27</td>\r\n<td>Leonardo da Silva M. Bezerra</td>\r\n<td style=\"text-align: center; \">27</td>\r\n<td style=\"text-align: center; \">2,00</td>\r\n<td style=\"text-align: center; \">1,00</td>\r\n<td style=\"text-align: center; \">30,00</td>\r\n</tr>\r\n<tr class=\"even\">\r\n<td>3</td>\r\n<td>Eul\u00e1lia Aparecida Celini</td>\r\n<td style=\"text-align: center; \">27</td>\r\n<td style=\"text-align: center; \">1,50</td>\r\n<td style=\"text-align: center; \">1,00</td>\r\n<td style=\"text-align: center; \">29,50</td>\r\n</tr>\r\n<tr class=\"odd\">\r\n<td>21</td>\r\n<td>Ezequiel J\u00falio Martins de Souza</td>\r\n<td style=\"text-align: center; \">27</td>\r\n<td style=\"text-align: center; \">1,50</td>\r\n<td style=\"text-align: center; \">1,00</td>\r\n<td style=\"text-align: center; \">29,50</td>\r\n</tr>\r\n<tr class=\"even\">\r\n<td>25</td>\r\n<td>Fl\u00e1vio Aparecido Ribeiro J\u00fanior</td>\r\n<td style=\"text-align: center; \">27</td>\r\n<td style=\"text-align: center; \">1,00</td>\r\n<td style=\"text-align: center; \">1,00</td>\r\n<td style=\"text-align: center; \">29,00</td>\r\n</tr>\r\n<tr class=\"odd\">\r\n<td>28</td>\r\n<td>Eliab Ferreira da Silva</td>\r\n<td style=\"text-align: center; \">27</td>\r\n<td style=\"text-align: center; \">0,50</td>\r\n<td style=\"text-align: center; \">1,00</td>\r\n<td style=\"text-align: center; \">28,50</td>\r\n</tr>\r\n<tr class=\"even\">\r\n<td>18</td>\r\n<td>Creusa Maria Alves Celestino</td>\r\n<td style=\"text-align: center; \">27</td>\r\n<td style=\"text-align: center; \">0,50</td>\r\n<td style=\"text-align: center; \">1,00</td>\r\n<td style=\"text-align: center; \">28,50</td>\r\n</tr>\r\n<tr class=\"odd\">\r\n<td>20</td>\r\n<td>S\u00edlvia Aparecida Martins</td>\r\n<td style=\"text-align: center; \">26</td>\r\n<td style=\"text-align: center; \">1,00</td>\r\n<td style=\"text-align: center; \">1,00</td>\r\n<td style=\"text-align: center; \">28,00</td>\r\n</tr>\r\n<tr class=\"even\">\r\n<td>37</td>\r\n<td>Samira Sanches da Silva</td>\r\n<td style=\"text-align: center; \">26</td>\r\n<td style=\"text-align: center; \">0,50</td>\r\n<td style=\"text-align: center; \">1,00</td>\r\n<td style=\"text-align: center; \">27,50</td>\r\n</tr>\r\n<tr class=\"odd\">\r\n<td>23</td>\r\n<td>S\u00f4nia Vecen\u00e2ncio de Oliveira</td>\r\n<td style=\"text-align: center; \">25</td>\r\n<td style=\"text-align: center; \">1,00</td>\r\n<td style=\"text-align: center; \">1,00</td>\r\n<td style=\"text-align: center; \">27,00</td>\r\n</tr>\r\n<tr class=\"even\">\r\n<td>13</td>\r\n<td>Vera L\u00facia Marques Moreira</td>\r\n<td style=\"text-align: center; \">25</td>\r\n<td style=\"text-align: center; \">0,50</td>\r\n<td style=\"text-align: center; \">1,00</td>\r\n<td style=\"text-align: center; \">26,50</td>\r\n</tr>\r\n<tr class=\"odd\">\r\n<td>34</td>\r\n<td>Maria do Ros\u00e1rio Alves Batinga</td>\r\n<td style=\"text-align: center; \">25</td>\r\n<td style=\"text-align: center; \">0,50</td>\r\n<td style=\"text-align: center; \">1,00</td>\r\n<td style=\"text-align: center; \">26,50</td>\r\n</tr>\r\n</tbody>\r\n</table>\r\n<p align=\"justify\" class=\"western\" style=\"text-align: center; \">\u00a0</p>\r\n<p align=\"center\" class=\"western\"><span><span><b>Ilha Comprida/SP, 05</b></span></span><span><span><b>\u00a0de julho </b></span></span><span><span><b>de 2019.</b></span></span></p>\r\n<p align=\"justify\">\u00a0<span>\u00a0</span></p>\r\n<p align=\"center\"><span><span><b>ADOLFO APARECIDO TEIXEIRA</b></span></span></p>\r\n<p align=\"center\"><span><span><b></b></span></span><span>Presidente do CMDCA de Ilha Comprida</span></p>\r\n<p align=\"justify\" class=\"western\">\u00a0<b style=\"text-align: center; \">\u00a0 \u00a0</b></p>", "author_name": "Fonte: CMDCA de Ilha Comprida/Edital - Ilustra\u00e7\u00e3o original: P. M. de S. Domingos", "version": "1.0", "author_url": "https://www.ilhacomprida.sp.leg.br/author/Fonte: CMDCA de Ilha Comprida/Edital - Ilustra\u00e7\u00e3o original: P. M. de S. Domingos", "provider_name": "C\u00e2mara Municipal de Ilha Comprida", "type": "rich"}