{"provider_url": "https://www.ilhacomprida.sp.leg.br", "title": "CMDCA divulga DATA e LOCAL da PROVA ESCRITA - Elei\u00e7\u00e3o do Conselho Tutelar 2019", "html": "<h3 style=\"text-align: center; \">\u00a0 \u00a0</h3>\r\n<p style=\"text-align: center; \">\u00a0 \u00a0</p>\r\n<h2 style=\"text-align: center; \">FIQUE ATENTO PARA AS</h2>\r\n<h2 style=\"text-align: center; \">ESPECIFICA\u00c7\u00d5ES DO <a title=\"\" href=\"https://www.ilhacomprida.sp.leg.br/arquivos-textos/conselho-tutelar/arquivos/edital-2019-cmdca_b.pdf\" class=\"internal-link\" target=\"_blank\">EDITAL</a></h2>\r\n<p><span><br /></span></p>\r\n<p style=\"text-align: center; \"><span>\u00a0\u00a0</span></p>\r\n<p style=\"text-align: center; \"><span>\u00a0\u00a0</span></p>\r\n<h2 style=\"text-align: center; \"><span>Local da Prova (16/06/19 - 8:00 \u00e0s 12:00 h)\u00a0</span></h2>\r\n<h2><span><br /></span></h2>\r\n<p style=\"text-align: center; \"><iframe src=\"https://www.google.com/maps/embed?pb=!1m18!1m12!1m3!1d3623.8877543995186!2d-47.54062618574648!3d-24.730733511693625!2m3!1f0!2f0!3f0!3m2!1i1024!2i768!4f13.1!3m3!1m2!1s0x94daa2107d42c8b9%3A0xadd3a842f03c15fd!2sEMEIEF+Meu+Recanto!5e0!3m2!1spt-BR!2sbr!4v1560387104901!5m2!1spt-BR!2sbr\" width=\"600\" height=\"450\" allowfullscreen=\"\" frameborder=\"0\" style=\"\"></iframe></p>\r\n<p style=\"text-align: center; \"><span>\u00a0 \u00a0 \u00a0 \u00a0</span></p>\r\n<h2 style=\"text-align: center; \">Principais Especifica\u00e7\u00f5es</h2>\r\n<h3>\u00a0 \u00a0 \u00a0 \u00a0 \u00a0</h3>\r\n<table class=\"invisible\">\r\n<tbody>\r\n<tr><th>\r\n<h3>1</h3>\r\n</th><th>\r\n<h3 class=\"mceContentBody documentContent template-newsitem_view portaltype-news-item site-portal section-institucional subsection-noticias subsection-noticias-cmdca-divulga-dados-prova icons-on userrole-authenticated userrole-site administrator userrole-member userrole-contributor userrole-manager userrole-editor userrole-reader userrole-owner userrole-reviewer\">Apresentar-se ao local com pelo menos 15 minutos de anteced\u00eancia.</h3>\r\n</th></tr>\r\n<tr>\r\n<td>\r\n<h3>2</h3>\r\n</td>\r\n<td>\r\n<h3 class=\"mceContentBody documentContent template-newsitem_view portaltype-news-item site-portal section-institucional subsection-noticias subsection-noticias-cmdca-divulga-dados-prova icons-on userrole-authenticated userrole-site administrator userrole-member userrole-contributor userrole-manager userrole-editor userrole-reader userrole-owner userrole-reviewer\">Usar somente caneta esferogr\u00e1fica de tinta na cor preta e com inv\u00f3lucro transparente.</h3>\r\n</td>\r\n</tr>\r\n<tr>\r\n<td>\r\n<h3>3</h3>\r\n</td>\r\n<td>\r\n<h3 class=\"mceContentBody documentContent template-newsitem_view portaltype-news-item site-portal section-institucional subsection-noticias subsection-noticias-cmdca-divulga-dados-prova icons-on userrole-authenticated userrole-site administrator userrole-member userrole-contributor userrole-manager userrole-editor userrole-reader userrole-owner userrole-reviewer\">Portar o cart\u00e3o de inscri\u00e7\u00e3o.</h3>\r\n</td>\r\n</tr>\r\n<tr>\r\n<td>\r\n<h3>4</h3>\r\n</td>\r\n<td>\r\n<h3 class=\"mceContentBody documentContent template-newsitem_view portaltype-news-item site-portal section-institucional subsection-noticias subsection-noticias-cmdca-divulga-dados-prova icons-on userrole-authenticated userrole-site administrator userrole-member userrole-contributor userrole-manager userrole-editor userrole-reader userrole-owner userrole-reviewer\">Portar documento de identifica\u00e7\u00e3o pessoal com foto.</h3>\r\n</td>\r\n</tr>\r\n<tr>\r\n<td>\r\n<h3><strong>5</strong></h3>\r\n</td>\r\n<td>\r\n<h3 class=\"mceContentBody documentContent template-newsitem_view portaltype-news-item site-portal section-institucional subsection-noticias subsection-noticias-cmdca-divulga-dados-prova icons-on userrole-authenticated userrole-site administrator userrole-member userrole-contributor userrole-manager userrole-editor userrole-reader userrole-owner userrole-reviewer\">N\u00e3o portar celular ou outro tipo de dispositivo eletr\u00f4nico.</h3>\r\n</td>\r\n</tr>\r\n<tr>\r\n<td>\r\n<h3>6</h3>\r\n</td>\r\n<td>\r\n<h3 class=\"mceContentBody documentContent template-newsitem_view portaltype-news-item site-portal section-institucional subsection-noticias subsection-noticias-cmdca-divulga-dados-prova icons-on userrole-authenticated userrole-site administrator userrole-member userrole-contributor userrole-manager userrole-editor userrole-reader userrole-owner userrole-reviewer\">O resultado ser\u00e1 divulgado no dia 21/06/19 e ser\u00e1 afixado nos \u00e1trios da Prefeitura e C\u00e2mara Municipal de Ilha Comprida, bem como nos sites oficiais destas institui\u00e7\u00f5es e jornais.</h3>\r\n</td>\r\n</tr>\r\n</tbody>\r\n</table>\r\n<p align=\"center\" class=\"western\"><b>\u00a0 \u00a0 \u00a0</b></p>\r\n<h2 class=\"mceContentBody documentContent template-newsitem_view portaltype-news-item site-portal section-institucional subsection-noticias subsection-noticias-cmdca-divulga-dados-prova icons-on userrole-authenticated userrole-site administrator userrole-member userrole-contributor userrole-manager userrole-editor userrole-reader userrole-owner userrole-reviewer\" style=\"text-align: center; \"><b>RELA\u00c7\u00c3O DOS CANDIDATOS APTOS A</b></h2>\r\n<h2 class=\"mceContentBody documentContent template-newsitem_view portaltype-news-item site-portal section-institucional subsection-noticias subsection-noticias-cmdca-divulga-dados-prova icons-on userrole-authenticated userrole-site administrator userrole-member userrole-contributor userrole-manager userrole-editor userrole-reader userrole-owner userrole-reviewer\" style=\"text-align: center; \"><span><span><span><b>PROVA ESCRITA DO CONSELHO TUTELAR \u2013 2019</b></span></span></span></h2>\r\n<p align=\"center\" class=\"western\" style=\"text-align: center; \"><span><span><span><b>\u00a0 \u00a0 \u00a0</b></span></span></span></p>\r\n<table class=\"listing\">\r\n<thead>\r\n<tr><th style=\"text-align: center; \">N\u00ba\u00a0</th><th style=\"text-align: center; \">NOME</th><th style=\"text-align: center; \">SITUA\u00c7\u00c3O</th></tr>\r\n<tr><th colspan=\"3\"><hr width=\"700\" /></th></tr>\r\n</thead>\r\n<tbody>\r\n<tr class=\"odd\">\r\n<td style=\"text-align: center; \">3</td>\r\n<td>Eul\u00e1lia Aparecida Celini</td>\r\n<td style=\"text-align: center; \">Apta</td>\r\n</tr>\r\n<tr class=\"even\">\r\n<td style=\"text-align: center; \">5</td>\r\n<td>Elaine Cristina Lemos Salgado</td>\r\n<td style=\"text-align: center; \">Apta</td>\r\n</tr>\r\n<tr class=\"odd\">\r\n<td style=\"text-align: center; \">6</td>\r\n<td>Alessandra Magda Carmona</td>\r\n<td style=\"text-align: center; \">Apta</td>\r\n</tr>\r\n<tr class=\"even\">\r\n<td style=\"text-align: center; \">7</td>\r\n<td>Valdir Manoel de Souza</td>\r\n<td style=\"text-align: center; \">Apta</td>\r\n</tr>\r\n<tr class=\"odd\">\r\n<td style=\"text-align: center; \">8</td>\r\n<td>Irineu Lara</td>\r\n<td style=\"text-align: center; \">Apto</td>\r\n</tr>\r\n<tr class=\"even\">\r\n<td style=\"text-align: center; \">9</td>\r\n<td>Fabiano Correa de Souza</td>\r\n<td style=\"text-align: center; \">Apto</td>\r\n</tr>\r\n<tr class=\"odd\">\r\n<td style=\"text-align: center; \">13</td>\r\n<td>Vera L\u00facia Marques Moreira</td>\r\n<td style=\"text-align: center; \">Apta</td>\r\n</tr>\r\n<tr class=\"even\">\r\n<td style=\"text-align: center; \">14</td>\r\n<td>Antenor de Almeida J\u00fanior</td>\r\n<td style=\"text-align: center; \">Apto</td>\r\n</tr>\r\n<tr class=\"odd\">\r\n<td style=\"text-align: center; \">16</td>\r\n<td>Marcos Ricardo Vieira</td>\r\n<td style=\"text-align: center; \">Apto</td>\r\n</tr>\r\n<tr class=\"even\">\r\n<td style=\"text-align: center; \">17</td>\r\n<td>Patric Miessa</td>\r\n<td style=\"text-align: center; \">Apto</td>\r\n</tr>\r\n<tr class=\"odd\">\r\n<td style=\"text-align: center; \">18</td>\r\n<td>Creusa Maria Alves Celestino</td>\r\n<td style=\"text-align: center; \">Apta</td>\r\n</tr>\r\n<tr class=\"even\">\r\n<td style=\"text-align: center; \">20</td>\r\n<td>S\u00edlvia Aparecida Martins</td>\r\n<td style=\"text-align: center; \">Apta</td>\r\n</tr>\r\n<tr class=\"odd\">\r\n<td style=\"text-align: center; \">21</td>\r\n<td>Ezequiel J\u00falio Martins de Souza</td>\r\n<td style=\"text-align: center; \">Apto</td>\r\n</tr>\r\n<tr class=\"even\">\r\n<td style=\"text-align: center; \">22</td>\r\n<td>Olivia Carneiro Brito</td>\r\n<td style=\"text-align: center; \">Apta</td>\r\n</tr>\r\n<tr class=\"odd\">\r\n<td style=\"text-align: center; \">23</td>\r\n<td>S\u00f4nia Vecen\u00e2ncio de Oliveira</td>\r\n<td style=\"text-align: center; \">Apta</td>\r\n</tr>\r\n<tr class=\"even\">\r\n<td style=\"text-align: center; \">25</td>\r\n<td>Fl\u00e1vio Aparecido Ribeiro J\u00fanior</td>\r\n<td style=\"text-align: center; \">Apto</td>\r\n</tr>\r\n<tr class=\"odd\">\r\n<td style=\"text-align: center; \">26</td>\r\n<td>Simone da Silva Nascimento</td>\r\n<td style=\"text-align: center; \">Apta</td>\r\n</tr>\r\n<tr class=\"even\">\r\n<td style=\"text-align: center; \">27</td>\r\n<td>Leonardo da Silva Marques Bezerra</td>\r\n<td style=\"text-align: center; \">Apto</td>\r\n</tr>\r\n<tr class=\"odd\">\r\n<td style=\"text-align: center; \">28</td>\r\n<td>Eliab Ferreira da Silva</td>\r\n<td style=\"text-align: center; \">Apto</td>\r\n</tr>\r\n<tr class=\"even\">\r\n<td style=\"text-align: center; \">29</td>\r\n<td>Gilberto Reis Rangel</td>\r\n<td style=\"text-align: center; \">Apto</td>\r\n</tr>\r\n<tr class=\"odd\">\r\n<td style=\"text-align: center; \">30</td>\r\n<td>Jane Costa Lisboa</td>\r\n<td style=\"text-align: center; \">Apta</td>\r\n</tr>\r\n<tr class=\"even\">\r\n<td style=\"text-align: center; \">31</td>\r\n<td>Renata Clementino de Medeiros</td>\r\n<td style=\"text-align: center; \">Apta</td>\r\n</tr>\r\n<tr class=\"odd\">\r\n<td style=\"text-align: center; \">33</td>\r\n<td>Marilisa Vieira de Liria</td>\r\n<td style=\"text-align: center; \">Apta</td>\r\n</tr>\r\n<tr class=\"even\">\r\n<td style=\"text-align: center; \">34</td>\r\n<td>Maria do Ros\u00e1rio Alves Batinga</td>\r\n<td style=\"text-align: center; \">Apta</td>\r\n</tr>\r\n<tr class=\"odd\">\r\n<td style=\"text-align: center; \">37</td>\r\n<td>Samira Sanches da Silva</td>\r\n<td style=\"text-align: center; \">Apta</td>\r\n</tr>\r\n</tbody>\r\n</table>\r\n<p align=\"center\" class=\"western\"><b>\u00a0 \u00a0 \u00a0</b></p>", "author_name": "Fonte: CMDCA de Ilha Comprida/Edital - Ilustra\u00e7\u00e3o original: P. M. de S. Domingos", "version": "1.0", "author_url": "https://www.ilhacomprida.sp.leg.br/author/Fonte: CMDCA de Ilha Comprida/Edital - Ilustra\u00e7\u00e3o original: P. M. de S. Domingos", "provider_name": "C\u00e2mara Municipal de Ilha Comprida", "type": "rich"}