{"provider_url": "https://www.ilhacomprida.sp.leg.br", "title": "CMDCA divulga o GABARITO da PROVA ESCRITA - Elei\u00e7\u00e3o do Conselho Tutelar 2019.", "html": "<h3 style=\"text-align: center; \">\u00a0 \u00a0</h3>\r\n<h2 style=\"text-align: center; \"><span>CONFIRA O</span></h2>\r\n<h2 style=\"text-align: center; \"><span>RESULTADO</span></h2>\r\n<h2 style=\"text-align: center; \"><a title=\"\" href=\"https://www.ilhacomprida.sp.leg.br/arquivos-textos/conselho-tutelar/arquivos/gabarito-conselheiro_site.pdf\" class=\"internal-link\" target=\"_blank\"><img src=\"https://www.ilhacomprida.sp.leg.br/imagens/bloq/geral/CliqueAquiPDF.png/@@images/0431546a-f230-42c5-a19e-2be19ceac445.png\" alt=\"RECOMENDA\u00c7\u00c3O MP/SP\" class=\"image-inline\" title=\"\" /></a></h2>\r\n<p style=\"text-align: center; \"><span>\u00a0 \u00a0</span></p>\r\n<p style=\"text-align: center; \"><span>\u00a0\u00a0</span></p>\r\n<p style=\"text-align: justify; \"><span><b>O</b></span><span><b> C</b></span><span><b>onselho </b></span><span><b>Municipal dos Direitos da Crian\u00e7a e do Adolescente do Munic\u00edpio de Ilha Comprida</b></span><span>, no uso de suas atribui\u00e7\u00f5es legais, torna p\u00fablico </span><span>o que segue:</span></p>\r\n<p align=\"justify\" class=\"western\" style=\"text-align: center; \">\u00a0<img src=\"https://www.ilhacomprida.sp.leg.br/imagens/bloq/noticias/gabaritoCMDCA.png\" style=\"text-align: center; \" title=\"\" class=\"image-inline\" alt=\"\" /></p>\r\n<p align=\"center\" class=\"western\"><span><span><b>Ilha Comprida/SP, </b></span></span><span><span><b>17 de junho </b></span></span><span><span><b>de 2019.</b></span></span></p>\r\n<p align=\"justify\">\u00a0<span>\u00a0</span></p>\r\n<p align=\"center\"><span><span><b>ADOLFO APARECIDO TEIXEIRA</b></span></span></p>\r\n<p align=\"center\"><span><span><b></b></span></span><span>Presidente do CMDCA de Ilha Comprida</span></p>\r\n<p align=\"justify\" class=\"western\">\u00a0</p>\r\n<h2 style=\"text-align: center; \"><b>\u00a0 \u00a0</b></h2>", "author_name": "Fonte: CMDCA de Ilha Comprida/Edital - Ilustra\u00e7\u00e3o original: P. M. de S. Domingos", "version": "1.0", "author_url": "https://www.ilhacomprida.sp.leg.br/author/Fonte: CMDCA de Ilha Comprida/Edital - Ilustra\u00e7\u00e3o original: P. M. de S. Domingos", "provider_name": "C\u00e2mara Municipal de Ilha Comprida", "type": "rich"}