{"provider_url": "https://www.ilhacomprida.sp.leg.br", "title": "CMDCA divulga RELA\u00c7\u00c3O FINAL DOS CANDIDATOS para a Elei\u00e7\u00e3o do Conselho Tutelar 2019.", "html": "<h3 style=\"text-align: center; \">\u00a0 \u00a0 \u00a0\u00a0</h3>\r\n<h2 style=\"text-align: center; \">CONFIRA A</h2>\r\n<h2 style=\"text-align: center; \">RELA\u00c7\u00c3O FINAL</h2>\r\n<p style=\"text-align: center; \"><a title=\"\" href=\"https://www.ilhacomprida.sp.leg.br/arquivos-textos/conselho-tutelar/arquivos/CMDCArelacaogeraldecandidatosCT_site.pdf\" class=\"internal-link\" target=\"_blank\"><img src=\"https://www.ilhacomprida.sp.leg.br/imagens/bloq/geral/CliqueAquiPDF.png/@@images/0431546a-f230-42c5-a19e-2be19ceac445.png\" alt=\"RECOMENDA\u00c7\u00c3O MP/SP\" class=\"image-inline\" title=\"\" /></a></p>\r\n<p style=\"text-align: center; \"><span>\u00a0 \u00a0</span></p>\r\n<p style=\"text-align: justify; \"><span style=\"text-align: justify; \"><b>O</b></span><span style=\"text-align: justify; \"><b> C</b></span><span style=\"text-align: justify; \"><b>onselho </b></span><span style=\"text-align: justify; \"><b>Municipal dos Direitos da Crian\u00e7a e do Adolescente do Munic\u00edpio de Ilha Comprida</b></span><span style=\"text-align: justify; \">, no uso de suas atribui\u00e7\u00f5es legais, torna p\u00fablico </span><span style=\"text-align: justify; \">o que segue:</span></p>\r\n<p style=\"text-align: justify; \"><span style=\"text-align: justify; \">\u00a0 \u00a0</span></p>\r\n<h2 style=\"text-align: center; \"><span><span>RELA\u00c7\u00c3O DOS CANDIDATOS AO CARGO DE</span></span></h2>\r\n<h2 style=\"text-align: center; \"><span><span>CONSELHEIRO TUTELAR - GEST\u00c3O 2020/2024</span></span></h2>\r\n<p style=\"text-align: center; \"><span><b><br /></b></span></p>\r\n<table class=\"listing\">\r\n<thead>\r\n<tr><th style=\"text-align: right; \"><strong></strong></th><th style=\"text-align: right; \"><strong>N\u00ba</strong></th><th style=\"text-align: center; \"><strong>NOME DO CANDIDATO</strong></th><th style=\"text-align: center; \"><strong></strong></th></tr>\r\n</thead>\r\n<tbody>\r\n<tr class=\"odd\">\r\n<td colspan=\"4\"><hr noshade=\"noshade\" width=\"760\" /><strong></strong></td>\r\n</tr>\r\n<tr class=\"odd\">\r\n<td style=\"text-align: right; \"><strong></strong></td>\r\n<td style=\"text-align: right; \"><strong>01</strong></td>\r\n<td><strong>Sandra da Silva Coyado</strong></td>\r\n<td><strong></strong></td>\r\n</tr>\r\n<tr class=\"even\">\r\n<td style=\"text-align: right; \"><strong></strong></td>\r\n<td style=\"text-align: right; \"><strong>02</strong></td>\r\n<td><strong>Sabrina de Souza Tallada Bouchet</strong></td>\r\n<td><strong></strong></td>\r\n</tr>\r\n<tr class=\"odd\">\r\n<td style=\"text-align: right; \"><strong></strong></td>\r\n<td style=\"text-align: right; \"><strong>03</strong></td>\r\n<td><strong>Eul\u00e1lia Aparecida Celini</strong></td>\r\n<td><strong></strong></td>\r\n</tr>\r\n<tr class=\"even\">\r\n<td style=\"text-align: right; \"><strong></strong></td>\r\n<td style=\"text-align: right; \"><strong>05</strong></td>\r\n<td><strong>Elaine Cristina Lemos Dantas</strong></td>\r\n<td><strong></strong></td>\r\n</tr>\r\n<tr class=\"odd\">\r\n<td style=\"text-align: right; \"><strong></strong></td>\r\n<td style=\"text-align: right; \"><strong>07</strong></td>\r\n<td><strong>Valdir Manoel de Souza</strong></td>\r\n<td><strong></strong></td>\r\n</tr>\r\n<tr class=\"even\">\r\n<td style=\"text-align: right; \"><strong></strong></td>\r\n<td style=\"text-align: right; \"><strong>08</strong></td>\r\n<td><strong>Irineu Lara</strong></td>\r\n<td><strong></strong></td>\r\n</tr>\r\n<tr class=\"odd\">\r\n<td style=\"text-align: right; \"><strong></strong></td>\r\n<td style=\"text-align: right; \"><strong>10</strong></td>\r\n<td><strong>Rodrigo Silva Rainho</strong></td>\r\n<td><strong></strong></td>\r\n</tr>\r\n<tr class=\"even\">\r\n<td style=\"text-align: center; \"><strong></strong></td>\r\n<td style=\"text-align: right; \"><strong>11</strong></td>\r\n<td><strong>Carlos Wagner Ribeiro Pereira</strong></td>\r\n<td><strong></strong></td>\r\n</tr>\r\n<tr class=\"odd\">\r\n<td style=\"text-align: center; \"><strong></strong></td>\r\n<td style=\"text-align: right; \"><strong>13</strong></td>\r\n<td><strong>Vera L\u00facia Marques Moreira</strong></td>\r\n<td><strong></strong></td>\r\n</tr>\r\n<tr class=\"even\">\r\n<td style=\"text-align: center; \"><strong></strong></td>\r\n<td style=\"text-align: right; \"><strong>14</strong></td>\r\n<td><strong>Antenor de Almeida J\u00fanior</strong></td>\r\n<td><strong></strong></td>\r\n</tr>\r\n<tr class=\"odd\">\r\n<td style=\"text-align: center; \"><strong></strong></td>\r\n<td style=\"text-align: right; \"><strong>16</strong></td>\r\n<td><strong>Marcos Ricardo Vieira</strong></td>\r\n<td><strong></strong></td>\r\n</tr>\r\n<tr class=\"even\">\r\n<td style=\"text-align: center; \"><strong></strong></td>\r\n<td style=\"text-align: right; \"><strong>17</strong></td>\r\n<td><strong>Patric Miessa</strong></td>\r\n<td><strong></strong></td>\r\n</tr>\r\n<tr class=\"odd\">\r\n<td style=\"text-align: center; \"><strong></strong></td>\r\n<td style=\"text-align: right; \"><strong>18</strong></td>\r\n<td><strong>Creusa Maria Alves Celestino</strong></td>\r\n<td><strong></strong></td>\r\n</tr>\r\n<tr class=\"even\">\r\n<td style=\"text-align: center; \"><strong></strong></td>\r\n<td style=\"text-align: right; \"><strong>19</strong></td>\r\n<td><strong>Odail Muniz Domingues J\u00fanior</strong></td>\r\n<td><strong></strong></td>\r\n</tr>\r\n<tr class=\"odd\">\r\n<td style=\"text-align: center; \"><strong></strong></td>\r\n<td style=\"text-align: right; \"><strong>20</strong></td>\r\n<td><strong>S\u00edlvia Aparecida Martins</strong></td>\r\n<td><strong></strong></td>\r\n</tr>\r\n<tr class=\"even\">\r\n<td style=\"text-align: center; \"><strong></strong></td>\r\n<td style=\"text-align: right; \"><strong>21</strong></td>\r\n<td><strong>Ezequiel J\u00falio Martins de Souza</strong></td>\r\n<td><strong></strong></td>\r\n</tr>\r\n<tr class=\"odd\">\r\n<td style=\"text-align: center; \"><strong></strong></td>\r\n<td style=\"text-align: right; \"><strong>22</strong></td>\r\n<td><strong>Olivia Carneiro Brito</strong></td>\r\n<td><strong></strong></td>\r\n</tr>\r\n<tr class=\"even\">\r\n<td style=\"text-align: center; \"><strong></strong></td>\r\n<td style=\"text-align: right; \"><strong>23</strong></td>\r\n<td><strong>S\u00f4nia Vecen\u00e2ncio de Oliveira</strong></td>\r\n<td><strong></strong></td>\r\n</tr>\r\n<tr class=\"odd\">\r\n<td style=\"text-align: center; \"><strong></strong></td>\r\n<td style=\"text-align: right; \"><strong>25</strong></td>\r\n<td><strong>Fl\u00e1vio Aparecido Ribeiro J\u00fanior</strong></td>\r\n<td><strong></strong></td>\r\n</tr>\r\n<tr class=\"even\">\r\n<td style=\"text-align: center; \"><strong></strong></td>\r\n<td style=\"text-align: right; \"><strong>27</strong></td>\r\n<td><strong>Leonardo da Silva Marques Bezerra</strong></td>\r\n<td><strong></strong></td>\r\n</tr>\r\n<tr class=\"odd\">\r\n<td style=\"text-align: center; \"><strong></strong></td>\r\n<td style=\"text-align: right; \"><strong>28</strong></td>\r\n<td><strong>Eliab Ferreira da Silva</strong></td>\r\n<td><strong></strong></td>\r\n</tr>\r\n<tr class=\"even\">\r\n<td style=\"text-align: center; \"><strong></strong></td>\r\n<td style=\"text-align: right; \"><strong>29</strong></td>\r\n<td><strong>Gilberto Reis Rangel</strong></td>\r\n<td><strong></strong></td>\r\n</tr>\r\n<tr class=\"odd\">\r\n<td style=\"text-align: center; \"><strong></strong></td>\r\n<td style=\"text-align: right; \"><strong>31</strong></td>\r\n<td><strong>Renata Clementino de Medeiros</strong></td>\r\n<td><strong></strong></td>\r\n</tr>\r\n<tr class=\"even\">\r\n<td style=\"text-align: center; \"><strong></strong></td>\r\n<td style=\"text-align: right; \"><strong>33</strong></td>\r\n<td><strong>Marilisa Vieira de Liria</strong></td>\r\n<td><strong></strong></td>\r\n</tr>\r\n<tr class=\"odd\">\r\n<td style=\"text-align: center; \"><strong></strong></td>\r\n<td style=\"text-align: right; \"><strong>34</strong></td>\r\n<td><strong>Maria do Ros\u00e1rio Alves Batinga</strong></td>\r\n<td><strong></strong></td>\r\n</tr>\r\n<tr class=\"even\">\r\n<td style=\"text-align: center; \"><strong></strong></td>\r\n<td style=\"text-align: right; \"><strong>37</strong></td>\r\n<td><strong>Samira Sanches da Silva</strong></td>\r\n<td><strong></strong></td>\r\n</tr>\r\n</tbody>\r\n</table>\r\n<p style=\"text-align: center; \"><span><b>\u00a0 \u00a0\u00a0</b></span></p>\r\n<p style=\"text-align: center; \"><span><b>Ilha Comprida/SP, 15</b></span><span><b>\u00a0de julho </b></span><span><b>de 2019.</b></span></p>\r\n<p align=\"justify\" style=\"text-align: center; \">\u00a0<span>\u00a0</span></p>\r\n<p align=\"center\"><span><span><b>ADOLFO APARECIDO TEIXEIRA</b></span></span></p>\r\n<p align=\"center\"><span><span><b></b></span></span><span>Presidente do CMDCA de Ilha Comprida</span></p>\r\n<p align=\"justify\" class=\"western\" style=\"text-align: center; \">\u00a0 \u00a0\u00a0<b style=\"text-align: center; \">\u00a0 \u00a0</b></p>", "author_name": "Fonte: CMDCA de Ilha Comprida/Edital - Ilustra\u00e7\u00e3o original: P. M. de S. Domingos", "version": "1.0", "author_url": "https://www.ilhacomprida.sp.leg.br/author/Fonte: CMDCA de Ilha Comprida/Edital - Ilustra\u00e7\u00e3o original: P. M. de S. Domingos", "provider_name": "C\u00e2mara Municipal de Ilha Comprida", "type": "rich"}