{"provider_url": "https://www.ilhacomprida.sp.leg.br", "title": "REUNI\u00c3O DO CONSELHO COMUNIT\u00c1RIO DE SEGURAN\u00c7A DE ILHA COMPRIDA.", "html": "<div class=\"_5pbx userContent _3576\" id=\"js_x\" data-ft=\"{&quot;tn&quot;:&quot;K&quot;}\">\r\n<h2 style=\"text-align: center; \">\u00a0</h2>\r\n<p style=\"text-align: center; \">\u00a0 \u00a0</p>\r\n<h2 style=\"text-align: center; \">REUNI\u00c3O DO CONSELHO COMUNIT\u00c1RIO</h2>\r\n<h2 style=\"text-align: center; \">DE SEGURAN\u00c7A DA ILHA COMPRIDA - SP</h2>\r\n</div>\r\n<div class=\"_5pbx userContent _3576\" data-ft=\"{&quot;tn&quot;:&quot;K&quot;}\">\r\n<p style=\"text-align: center; \">\u00a0 \u00a0</p>\r\n<p style=\"text-align: center; \">\u00a0 \u00a0</p>\r\n<p style=\"text-align: center; \">\u00a0</p>\r\n<p>Dando continuidade a agenda de reuni\u00f5es com a comunidade, o <em><strong>CONSEG (Conselho Comunit\u00e1rio de Seguran\u00e7a de Ilha Comprida-SP)</strong></em> informou que realizar<span class=\"st\">\u00e1</span> reuni<span class=\"st\"><em>\u00e3</em></span>o com as autoridades do aparato de seguran\u00e7a p\u00fablica da Ilha Comprida, no <span><strong>dia 07/08/19, as 19:00 horas</strong></span>, sobre assuntos de interesse da nossa comunidade.</p>\r\n<p>\u00a0</p>\r\n<h2 style=\"text-align: center; \">ATEN\u00c7\u00c3O PARA O LOCAL DA REUNI\u00c3O</h2>\r\n<p>\u00a0</p>\r\n<p style=\"text-align: center; \"><iframe src=\"https://www.google.com/maps/embed?pb=!1m18!1m12!1m3!1d2155.0071821185784!2d-47.521955796748!3d-24.71741591975033!2m3!1f0!2f0!3f0!3m2!1i1024!2i768!4f13.1!3m3!1m2!1s0x94daa18c802f6ed5%3A0xe12899b846bb2e24!2sAlameda+Pedro+Vanuci%2C+Ilha+Comprida+-+SP%2C+11925-000!5e0!3m2!1spt-BR!2sbr!4v1564064334580!5m2!1spt-BR!2sbr\" width=\"600\" height=\"450\" allowfullscreen=\"\" frameborder=\"0\"></iframe></p>\r\n<p>\u00a0</p>\r\n<p class=\"callout\"><strong>Local: Igreja Evang\u00e9lica Assembleia de Deus (Bel\u00e9m)<br /><br />Edere<span class=\"st\"><em>\u00e7</em></span>o: Alameda Pedro Vanuci x Estrada da Vizinhanca, s/n - Balne<span class=\"st\">\u00e1</span>rio Maria de Lourdes<br /><br />Contato: Adilson (<a class=\"email-link\" href=\"mailto:consegdeilhacomprida@gmail.com?subject=Reuni\u00e3o Conseg\" target=\"_self\" title=\"\">consegdeilhacomprida@gmail.com</a>)<br /></strong></p>\r\n<p>\u00a0</p>\r\n<h2>Voc\u00ea sabe o que \u00e9 o CONSEG?</h2>\r\n<p>\u00a0</p>\r\n<p>O CONSEG (Conselho Comunit\u00e1rio de Seguran\u00e7a) \u00e9 um grupo de pessoas do mesmo bairro ou munic\u00edpio que se re\u00fanem para discutir e analisar, planejar e acompanhar a solu\u00e7\u00e3o de seus problemas comunit\u00e1rios de seguran\u00e7a, desenvolver campanhas educativas e estreitar la\u00e7os de entendimento e coopera\u00e7\u00e3o entre as v\u00e1rias lideran\u00e7as locais .</p>\r\n<p>Cada Conselho \u00e9 uma entidade de apoio \u00e0 Pol\u00edcia Estadual nas rela\u00e7\u00f5es comunit\u00e1rias, e se vinculam, por ades\u00e3o, \u00e0s diretrizes emanadas da Secretaria de Seguran\u00e7a P\u00fablica, por interm\u00e9dio do Coordenador Estadual dos Conselhos Comunit\u00e1rios de Seguran\u00e7a.</p>\r\n<p>As reuni\u00f5es ordin\u00e1rias de cada Conselho s\u00e3o mensais, realizadas normalmente no per\u00edodo noturno, em im\u00f3veis de uso comunit\u00e1rio, segundo uma agenda definida por per\u00edodo anual.</p>\r\n<p>Em cada CONSEG, a Secretaria de Seguran\u00e7a P\u00fablica tem como representantes, o Comandante da Pol\u00edcia Militar da \u00e1rea e o Delegado de Pol\u00edcia Titular do correspondente Distrito Policial.</p>\r\n<p>Sua legitimidade tem sido reconhecida pelas v\u00e1rias esferas de governo e por institutos independentes, o que permite afirmar que os CONSEGs constituem, hoje, uma ampla, s\u00f3lida, duradoura e bem sucedida iniciativa de pol\u00edcia orientada para a comunidade.</p>\r\n<p>\u00a0</p>\r\n<p style=\"text-align: center; \"><img src=\"https://www.ilhacomprida.sp.leg.br/imagens/bloq/geral/ConsegIha.png/@@images/6b606ae4-5eed-4a84-a667-0afedcab4ffe.png\" alt=\"\" class=\"image-inline\" title=\"\" /></p>\r\n<p>\u00a0</p>\r\n</div>", "author_name": "Fonte: Conseg IC", "version": "1.0", "author_url": "https://www.ilhacomprida.sp.leg.br/author/Fonte: Conseg IC", "provider_name": "C\u00e2mara Municipal de Ilha Comprida", "type": "rich"}