{"provider_url": "https://www.ilhacomprida.sp.leg.br", "title": "Pesquisa de Opini\u00e3o de Fevereiro, PARTICIPE!!! - Queremos saber a SUA OPINI\u00c3O.", "html": "<p style=\"text-align: center; \">\u00a0</p>\r\n<h2 style=\"text-align: center; \"><strong>PESQUISA DE OPINI\u00c3O</strong></h2>\r\n<h2 style=\"text-align: center; \"><span><strong><br /></strong></span></h2>\r\n<h2 style=\"text-align: center; \"><span><strong>\"CARNAVAL EM MAR\u00c7O\"</strong></span></h2>\r\n<p><span>\u00a0\u00a0</span></p>\r\n<p><span>\u00a0\u00a0</span></p>\r\n<h3><span>J\u00e1 est\u00e1 dispon\u00edvel a nossa pesquisa de opini\u00e3o deste m\u00eas.</span></h3>\r\n<h3>\u00a0\u00a0</h3>\r\n<h3>Pedimos a sua participa\u00e7\u00e3o lembrando que \u00e9 s\u00f3 uma opini\u00e3o sem preocupa\u00e7\u00f5es estat\u00edsticas.</h3>\r\n<h3><span>\u00a0 \u00a0</span></h3>\r\n<h3><span>Todo o m\u00eas, apresentamos uma pesquisa sobre fatos de nossa cidade e para o qual a opini\u00e3o dos nossos mun\u00edcipes \u00e9 muito importante para n\u00f3s.</span></h3>\r\n<h3><span><br /></span></h3>\r\n<h3><span>Este ano a temporada \u00e9 \"mais longa\", haja a vista que o Carnaval ser\u00e1 em Mar\u00e7o. A princ\u00edpio esses 20 dias a mais na temporada parecem ser uma vantagem para o com\u00e9rcio local, mas ser\u00e1 mesmo?</span></h3>\r\n<p>\u00a0</p>\r\n<h3>Participe, <strong>VOTE</strong><span> e nos ajude com sua opini\u00e3o.</span></h3>\r\n<p style=\"text-align: center; \"><span><img src=\"https://www.ilhacomprida.sp.leg.br/imagens/bloq/geral/LadoDireitoSite.png\" alt=\"LadoDireitoSite\" class=\"image-inline\" title=\"LadoDireitoSite\" /></span></p>\r\n<p style=\"text-align: center; \"><span>\u00a0 \u00a0 \u00a0\u00a0</span></p>\r\n<hr /><hr />\r\n<p>\u00a0</p>", "author_name": "CMIC", "version": "1.0", "author_url": "https://www.ilhacomprida.sp.leg.br/author/CMIC", "provider_name": "C\u00e2mara Municipal de Ilha Comprida", "type": "rich"}