{"provider_url": "https://www.ilhacomprida.sp.leg.br", "title": "REUNI\u00d5ES DA SEMANA - PARTICIPE! (ATUALIZADA)", "html": "<p>\u00a0 \u00a0\u00a0</p>\r\n<p>\u00a0 \u00a0\u00a0</p>\r\n<p>Esta semana a C\u00e2mara Municipal de Ilha Comprida sediar\u00e1 uma s\u00e9rie de reuni\u00f5es dos Conselhos Municipais do nosso munic\u00edpio, levando a oportunidade para a popula\u00e7\u00e3o participar das discuss\u00f5es sobre v\u00e1rios temas.\u00a0</p>\r\n<p>Lembre-se: A participa\u00e7\u00e3o da popula\u00e7\u00e3o \u00e9 muito importante para o crescimento da nossa cidade!</p>\r\n<p>Segue a agenda:</p>\r\n<p>\u00a0 \u00a0 \u00a0\u00a0</p>\r\n<hr width=\"768\" />\r\n<table class=\"plain\"><caption><strong>Agenda de Reuni\u00f5es<br /></strong></caption><caption><strong><br /></strong></caption>\r\n<tbody>\r\n<tr><th>Data</th><th>Com quem?</th><th>Local</th><th>Mais informa\u00e7\u00f5es</th></tr>\r\n<tr>\r\n<td><span>26/03/19</span></td>\r\n<td><span>Conselho Municipal da Sa\u00fade</span></td>\r\n<td><span>Sala dos Conselhos - CMIC</span></td>\r\n<td><span><a title=\"\" href=\"https://www.ilhacomprida.sp.leg.br/institucional/eventos/bloq/saude/reuniao-do-conselho-municipal-da-saude-1\" class=\"internal-link\" target=\"_blank\">Saiba mais</a></span></td>\r\n</tr>\r\n<tr>\r\n<td><span>27/03/19</span></td>\r\n<td>Conselho Municipal do Idoso</td>\r\n<td><span>Sala dos Conselhos - CMIC</span></td>\r\n<td><a title=\"\" href=\"https://www.ilhacomprida.sp.leg.br/institucional/eventos/bloq/idoso/reuniao-do-conselho-municipal-do-idoso-27mar19\" class=\"internal-link\" target=\"_blank\">Saiba mais</a></td>\r\n</tr>\r\n<tr>\r\n<td><span>28/03/19</span></td>\r\n<td>Reuni\u00e3o da Comiss\u00e3o de Integra\u00e7\u00e3o Ambiental</td>\r\n<td><span>Sala dos Conselhos - CMIC</span></td>\r\n<td><a href=\"https://www.ilhacomprida.sp.leg.br/institucional/eventos/reuniao-comissao-integracao-ambiental\" target=\"_blank\">Saiba mais</a></td>\r\n</tr>\r\n<tr>\r\n<td><span><span>28/03/19</span></span></td>\r\n<td>Reuni\u00e3o Extraordin\u00e1ria do Conselho Municipal dos Direitos das Crian\u00e7as e dos Adolescentes</td>\r\n<td><span><span>Sala dos Conselhos - CMIC</span></span></td>\r\n<td><a href=\"https://www.ilhacomprida.sp.leg.br/institucional/eventos/2-reuniao-do-conselho-municipal-direitos-criancas-adolescentes\" target=\"_blank\">Saiba mais</a><a href=\"https://www.ilhacomprida.sp.leg.br/institucional/eventos/reuniao-comissao-integracao-ambiental\" target=\"_self\"></a></td>\r\n</tr>\r\n<tr>\r\n<td><span>29/03/19</span></td>\r\n<td>Conselho Municipal de Assist\u00eancia Social</td>\r\n<td><span>Sala dos Conselhos - CMIC</span></td>\r\n<td><a title=\"\" href=\"https://www.ilhacomprida.sp.leg.br/institucional/eventos/bloq/assistencia-social/reuniao-do-conselho-municipal-de-assistencia-social\" class=\"internal-link\" target=\"_self\">Saiba mais</a></td>\r\n</tr>\r\n<tr>\r\n<td>\r\n<p><span>04/04/19</span></p>\r\n</td>\r\n<td><span>Conselho Municipal das Pessoas com Defici\u00eancia</span></td>\r\n<td><span><span>Sala dos Conselhos - CMIC</span></span></td>\r\n<td><a href=\"https://www.ilhacomprida.sp.leg.br/institucional/eventos/reuniao-do-conselho-municipal-das-pessoas-com-deficiencias\" target=\"_blank\">Saiba mais</a><a title=\"\" href=\"https://www.ilhacomprida.sp.leg.br/institucional/eventos/bloq/assistencia-social/reuniao-do-conselho-municipal-de-assistencia-social\" class=\"internal-link\" target=\"_self\"></a></td>\r\n</tr>\r\n</tbody>\r\n</table>", "author_name": "Gian Gon\u00e7alves", "version": "1.0", "author_url": "https://www.ilhacomprida.sp.leg.br/author/Gian Gon\u00e7alves", "provider_name": "C\u00e2mara Municipal de Ilha Comprida", "type": "rich"}